{"id":490,"date":"2023-03-14T01:13:30","date_gmt":"2023-03-14T01:13:30","guid":{"rendered":"http:\/\/www.supertomorrow.at\/?p=490"},"modified":"2024-12-31T17:34:12","modified_gmt":"2024-12-31T17:34:12","slug":"15-zkmb","status":"publish","type":"post","link":"http:\/\/www.supertomorrow.at\/index.php\/2023\/03\/14\/15-zkmb\/","title":{"rendered":"15 zkmb"},"content":{"rendered":"\n<div class=\"wp-block-cover alignfull is-light has-parallax has-custom-content-position is-position-bottom-center\" style=\"min-height:600px;aspect-ratio:unset;\"><span aria-hidden=\"true\" class=\"wp-block-cover__background has-background-dim-0 has-background-dim\"><\/span><div class=\"wp-block-cover__image-background wp-image-709 has-parallax\" style=\"background-position:50% 50%;background-image:url(http:\/\/www.supertomorrow.at\/wp-content\/uploads\/2023\/03\/1_AZW_Austellung_ZKMB_Foto_0157_Lisa-Rastl-scaled.jpg)\"><\/div><div class=\"wp-block-cover__inner-container is-layout-constrained wp-block-cover-is-layout-constrained\">\n<p class=\"has-text-align-center has-ti-bg-color has-text-color has-link-color has-large-font-size wp-elements-9fa9b69d2c43c9237fdc1c35a74b1bd5\">Positionen einer Generation<\/p>\n<\/div><\/div>\n\n\n\n<div style=\"height:100px\" aria-hidden=\"true\" class=\"wp-block-spacer\"><\/div>\n\n\n\n<hr class=\"wp-block-separator has-alpha-channel-opacity\"\/>\n\n\n\n<p class=\"has-text-align-center has-normal-font-size\">Titel: Zwischen Kostensch\u00e4tzung, Muttermilch und Bauwende &#8211; Positionen einer Generation<br>Nutzung: Ausstellung<br>Ort: Wien und als Wanderausstellung<br>Auftraggeber: Architekturzentrum Wien<br>Status: Organisation Workshopreihe und Ausstellung<br>Jahr: 2022 \u2013 2023<\/p>\n\n\n\n<hr class=\"wp-block-separator has-alpha-channel-opacity\"\/>\n\n\n\n<div style=\"height:100px\" aria-hidden=\"true\" class=\"wp-block-spacer\"><\/div>\n\n\n\n<figure class=\"wp-block-gallery has-nested-images columns-default is-cropped wp-block-gallery-1 is-layout-flex wp-block-gallery-is-layout-flex\">\n<figure data-wp-context=\"{&quot;imageId&quot;:&quot;69f3a2a54d28f&quot;}\" data-wp-interactive=\"core\/image\" data-wp-key=\"69f3a2a54d28f\" class=\"wp-block-image size-full wp-lightbox-container\"><img loading=\"lazy\" decoding=\"async\" width=\"1707\" height=\"2560\" data-wp-class--hide=\"state.isContentHidden\" data-wp-class--show=\"state.isContentVisible\" data-wp-init=\"callbacks.setButtonStyles\" data-wp-on--click=\"actions.showLightbox\" data-wp-on--load=\"callbacks.setButtonStyles\" data-wp-on-window--resize=\"callbacks.setButtonStyles\" data-id=\"722\" src=\"http:\/\/www.supertomorrow.at\/wp-content\/uploads\/2023\/03\/ZKMB_Kucher_7853-scaled.jpg\" alt=\"ZKMB_Kucher_7853\" class=\"wp-image-722\" srcset=\"http:\/\/www.supertomorrow.at\/wp-content\/uploads\/2023\/03\/ZKMB_Kucher_7853-scaled.jpg 1707w, http:\/\/www.supertomorrow.at\/wp-content\/uploads\/2023\/03\/ZKMB_Kucher_7853-200x300.jpg 200w, http:\/\/www.supertomorrow.at\/wp-content\/uploads\/2023\/03\/ZKMB_Kucher_7853-683x1024.jpg 683w, http:\/\/www.supertomorrow.at\/wp-content\/uploads\/2023\/03\/ZKMB_Kucher_7853-768x1152.jpg 768w, http:\/\/www.supertomorrow.at\/wp-content\/uploads\/2023\/03\/ZKMB_Kucher_7853-1024x1536.jpg 1024w, http:\/\/www.supertomorrow.at\/wp-content\/uploads\/2023\/03\/ZKMB_Kucher_7853-1365x2048.jpg 1365w\" sizes=\"auto, (max-width: 1707px) 100vw, 1707px\" \/><button\n\t\t\tclass=\"lightbox-trigger\"\n\t\t\ttype=\"button\"\n\t\t\taria-haspopup=\"dialog\"\n\t\t\taria-label=\"Vergr\u00f6\u00dfern\"\n\t\t\tdata-wp-init=\"callbacks.initTriggerButton\"\n\t\t\tdata-wp-on--click=\"actions.showLightbox\"\n\t\t\tdata-wp-style--right=\"state.imageButtonRight\"\n\t\t\tdata-wp-style--top=\"state.imageButtonTop\"\n\t\t>\n\t\t\t<svg xmlns=\"http:\/\/www.w3.org\/2000\/svg\" width=\"12\" height=\"12\" fill=\"none\" viewBox=\"0 0 12 12\">\n\t\t\t\t<path fill=\"#fff\" d=\"M2 0a2 2 0 0 0-2 2v2h1.5V2a.5.5 0 0 1 .5-.5h2V0H2Zm2 10.5H2a.5.5 0 0 1-.5-.5V8H0v2a2 2 0 0 0 2 2h2v-1.5ZM8 12v-1.5h2a.5.5 0 0 0 .5-.5V8H12v2a2 2 0 0 1-2 2H8Zm2-12a2 2 0 0 1 2 2v2h-1.5V2a.5.5 0 0 0-.5-.5H8V0h2Z\" \/>\n\t\t\t<\/svg>\n\t\t<\/button><\/figure>\n\n\n\n<figure data-wp-context=\"{&quot;imageId&quot;:&quot;69f3a2a54d555&quot;}\" data-wp-interactive=\"core\/image\" data-wp-key=\"69f3a2a54d555\" class=\"wp-block-image size-full wp-lightbox-container\"><img loading=\"lazy\" decoding=\"async\" width=\"1667\" height=\"2560\" data-wp-class--hide=\"state.isContentHidden\" data-wp-class--show=\"state.isContentVisible\" data-wp-init=\"callbacks.setButtonStyles\" data-wp-on--click=\"actions.showLightbox\" data-wp-on--load=\"callbacks.setButtonStyles\" data-wp-on-window--resize=\"callbacks.setButtonStyles\" data-id=\"714\" src=\"http:\/\/www.supertomorrow.at\/wp-content\/uploads\/2023\/03\/ZKMB_Kucher_7673-scaled.jpg\" alt=\"ZKMB_Kucher_7673\" class=\"wp-image-714\" srcset=\"http:\/\/www.supertomorrow.at\/wp-content\/uploads\/2023\/03\/ZKMB_Kucher_7673-scaled.jpg 1667w, http:\/\/www.supertomorrow.at\/wp-content\/uploads\/2023\/03\/ZKMB_Kucher_7673-195x300.jpg 195w, http:\/\/www.supertomorrow.at\/wp-content\/uploads\/2023\/03\/ZKMB_Kucher_7673-667x1024.jpg 667w, http:\/\/www.supertomorrow.at\/wp-content\/uploads\/2023\/03\/ZKMB_Kucher_7673-768x1180.jpg 768w, http:\/\/www.supertomorrow.at\/wp-content\/uploads\/2023\/03\/ZKMB_Kucher_7673-1000x1536.jpg 1000w, http:\/\/www.supertomorrow.at\/wp-content\/uploads\/2023\/03\/ZKMB_Kucher_7673-1333x2048.jpg 1333w\" sizes=\"auto, (max-width: 1667px) 100vw, 1667px\" \/><button\n\t\t\tclass=\"lightbox-trigger\"\n\t\t\ttype=\"button\"\n\t\t\taria-haspopup=\"dialog\"\n\t\t\taria-label=\"Vergr\u00f6\u00dfern\"\n\t\t\tdata-wp-init=\"callbacks.initTriggerButton\"\n\t\t\tdata-wp-on--click=\"actions.showLightbox\"\n\t\t\tdata-wp-style--right=\"state.imageButtonRight\"\n\t\t\tdata-wp-style--top=\"state.imageButtonTop\"\n\t\t>\n\t\t\t<svg xmlns=\"http:\/\/www.w3.org\/2000\/svg\" width=\"12\" height=\"12\" fill=\"none\" viewBox=\"0 0 12 12\">\n\t\t\t\t<path fill=\"#fff\" d=\"M2 0a2 2 0 0 0-2 2v2h1.5V2a.5.5 0 0 1 .5-.5h2V0H2Zm2 10.5H2a.5.5 0 0 1-.5-.5V8H0v2a2 2 0 0 0 2 2h2v-1.5ZM8 12v-1.5h2a.5.5 0 0 0 .5-.5V8H12v2a2 2 0 0 1-2 2H8Zm2-12a2 2 0 0 1 2 2v2h-1.5V2a.5.5 0 0 0-.5-.5H8V0h2Z\" \/>\n\t\t\t<\/svg>\n\t\t<\/button><\/figure>\n\n\n\n<figure data-wp-context=\"{&quot;imageId&quot;:&quot;69f3a2a54d798&quot;}\" data-wp-interactive=\"core\/image\" data-wp-key=\"69f3a2a54d798\" class=\"wp-block-image size-full wp-lightbox-container\"><img loading=\"lazy\" decoding=\"async\" width=\"1707\" height=\"2560\" data-wp-class--hide=\"state.isContentHidden\" data-wp-class--show=\"state.isContentVisible\" data-wp-init=\"callbacks.setButtonStyles\" data-wp-on--click=\"actions.showLightbox\" data-wp-on--load=\"callbacks.setButtonStyles\" data-wp-on-window--resize=\"callbacks.setButtonStyles\" data-id=\"713\" src=\"http:\/\/www.supertomorrow.at\/wp-content\/uploads\/2023\/03\/AZW_Zwischen-KostenA\u00adschaI\u0088tzung_0083-scaled.jpg\" alt=\"AZW_Zwischen\" class=\"wp-image-713\" srcset=\"http:\/\/www.supertomorrow.at\/wp-content\/uploads\/2023\/03\/AZW_Zwischen-KostenA\u00adschaI\u0088tzung_0083-scaled.jpg 1707w, http:\/\/www.supertomorrow.at\/wp-content\/uploads\/2023\/03\/AZW_Zwischen-KostenA\u00adschaI\u0088tzung_0083-200x300.jpg 200w, http:\/\/www.supertomorrow.at\/wp-content\/uploads\/2023\/03\/AZW_Zwischen-KostenA\u00adschaI\u0088tzung_0083-683x1024.jpg 683w, http:\/\/www.supertomorrow.at\/wp-content\/uploads\/2023\/03\/AZW_Zwischen-KostenA\u00adschaI\u0088tzung_0083-768x1152.jpg 768w, http:\/\/www.supertomorrow.at\/wp-content\/uploads\/2023\/03\/AZW_Zwischen-KostenA\u00adschaI\u0088tzung_0083-1024x1536.jpg 1024w, http:\/\/www.supertomorrow.at\/wp-content\/uploads\/2023\/03\/AZW_Zwischen-KostenA\u00adschaI\u0088tzung_0083-1366x2048.jpg 1366w\" sizes=\"auto, (max-width: 1707px) 100vw, 1707px\" \/><button\n\t\t\tclass=\"lightbox-trigger\"\n\t\t\ttype=\"button\"\n\t\t\taria-haspopup=\"dialog\"\n\t\t\taria-label=\"Vergr\u00f6\u00dfern\"\n\t\t\tdata-wp-init=\"callbacks.initTriggerButton\"\n\t\t\tdata-wp-on--click=\"actions.showLightbox\"\n\t\t\tdata-wp-style--right=\"state.imageButtonRight\"\n\t\t\tdata-wp-style--top=\"state.imageButtonTop\"\n\t\t>\n\t\t\t<svg xmlns=\"http:\/\/www.w3.org\/2000\/svg\" width=\"12\" height=\"12\" fill=\"none\" viewBox=\"0 0 12 12\">\n\t\t\t\t<path fill=\"#fff\" d=\"M2 0a2 2 0 0 0-2 2v2h1.5V2a.5.5 0 0 1 .5-.5h2V0H2Zm2 10.5H2a.5.5 0 0 1-.5-.5V8H0v2a2 2 0 0 0 2 2h2v-1.5ZM8 12v-1.5h2a.5.5 0 0 0 .5-.5V8H12v2a2 2 0 0 1-2 2H8Zm2-12a2 2 0 0 1 2 2v2h-1.5V2a.5.5 0 0 0-.5-.5H8V0h2Z\" \/>\n\t\t\t<\/svg>\n\t\t<\/button><\/figure>\n<\/figure>\n\n\n\n<p><\/p>\n\n\n\n<p class=\"has-text-align-left has-normal-font-size\"><em><strong>\u201eZwischen Kostensch\u00e4tzung, Muttermilch und Bauwende\u201c<\/strong><\/em>, kurz: <em>zkmb<\/em>, <br>ist eine Momentaufnahme einer Generation von jungen Architekt*innen, die trotz multipler Krisen mit taktischem Optimismus agiert. Inmitten dr\u00e4ngender Herausforderungen \u2013 Klimakrise, steigende Bau- und Mietkosten, Geb\u00e4ude als Spekulationsobjekte und eingeschr\u00e4nkte Handlungsspielr\u00e4ume \u2013 bauen sie eigene Praxen auf. Sie wollen in gerechten Arbeitsstrukturen und kooperativ f\u00fcr eine sozial verantwortliche Bauwende arbeiten. Der Ausstellungstitel bildet den Rahmen f\u00fcr ein umfassendes, kollektiv kuratiertes Mapping, das Positionen versammelt und Fragen stellt, um Diskussionsr\u00e4ume zu \u00f6ffnen. Gleichzeitig erweitert die Ausstellung tempor\u00e4r die Schausammlung des Az W \u201eHot Questions \u2013 Cold Storage\u201c um die Perspektiven der j\u00fcngsten Generation.<br><br>Mehr von <a href=\"http:\/\/www.zkmb.at\" data-type=\"link\" data-id=\"www.zkmb.at\" target=\"_blank\" rel=\"noopener\">ZKMB<\/a>!<\/p>\n\n\n\n<div style=\"height:45px\" aria-hidden=\"true\" class=\"wp-block-spacer\"><\/div>\n\n\n\n<figure data-wp-context=\"{&quot;imageId&quot;:&quot;69f3a2a54dc28&quot;}\" data-wp-interactive=\"core\/image\" data-wp-key=\"69f3a2a54dc28\" class=\"wp-block-image size-full wp-lightbox-container\"><img loading=\"lazy\" decoding=\"async\" width=\"2560\" height=\"1707\" data-wp-class--hide=\"state.isContentHidden\" data-wp-class--show=\"state.isContentVisible\" data-wp-init=\"callbacks.setButtonStyles\" data-wp-on--click=\"actions.showLightbox\" data-wp-on--load=\"callbacks.setButtonStyles\" data-wp-on-window--resize=\"callbacks.setButtonStyles\" src=\"http:\/\/www.supertomorrow.at\/wp-content\/uploads\/2023\/03\/ZKMB_Kucher_7826-scaled.jpg\" alt=\"ZKMB_Kucher_7826\" class=\"wp-image-720\" srcset=\"http:\/\/www.supertomorrow.at\/wp-content\/uploads\/2023\/03\/ZKMB_Kucher_7826-scaled.jpg 2560w, http:\/\/www.supertomorrow.at\/wp-content\/uploads\/2023\/03\/ZKMB_Kucher_7826-300x200.jpg 300w, http:\/\/www.supertomorrow.at\/wp-content\/uploads\/2023\/03\/ZKMB_Kucher_7826-1024x683.jpg 1024w, http:\/\/www.supertomorrow.at\/wp-content\/uploads\/2023\/03\/ZKMB_Kucher_7826-768x512.jpg 768w, http:\/\/www.supertomorrow.at\/wp-content\/uploads\/2023\/03\/ZKMB_Kucher_7826-1536x1024.jpg 1536w, http:\/\/www.supertomorrow.at\/wp-content\/uploads\/2023\/03\/ZKMB_Kucher_7826-2048x1365.jpg 2048w\" sizes=\"auto, (max-width: 2560px) 100vw, 2560px\" \/><button\n\t\t\tclass=\"lightbox-trigger\"\n\t\t\ttype=\"button\"\n\t\t\taria-haspopup=\"dialog\"\n\t\t\taria-label=\"Vergr\u00f6\u00dfern\"\n\t\t\tdata-wp-init=\"callbacks.initTriggerButton\"\n\t\t\tdata-wp-on--click=\"actions.showLightbox\"\n\t\t\tdata-wp-style--right=\"state.imageButtonRight\"\n\t\t\tdata-wp-style--top=\"state.imageButtonTop\"\n\t\t>\n\t\t\t<svg xmlns=\"http:\/\/www.w3.org\/2000\/svg\" width=\"12\" height=\"12\" fill=\"none\" viewBox=\"0 0 12 12\">\n\t\t\t\t<path fill=\"#fff\" d=\"M2 0a2 2 0 0 0-2 2v2h1.5V2a.5.5 0 0 1 .5-.5h2V0H2Zm2 10.5H2a.5.5 0 0 1-.5-.5V8H0v2a2 2 0 0 0 2 2h2v-1.5ZM8 12v-1.5h2a.5.5 0 0 0 .5-.5V8H12v2a2 2 0 0 1-2 2H8Zm2-12a2 2 0 0 1 2 2v2h-1.5V2a.5.5 0 0 0-.5-.5H8V0h2Z\" \/>\n\t\t\t<\/svg>\n\t\t<\/button><\/figure>\n\n\n\n<p class=\"has-small-font-size\"><em>\u201eWir sind nur ein kleiner Teil von vielen jungen ArchitektInnen. Wir k\u00f6nnen nicht f\u00fcr die gesamte Generation sprechen, sondern viel mehr Tendenzen aufzeigen und unsere dr\u00e4ngenden Fragen, Forderungen und bereits erprobten Taktiken in diesem Mapping offenlegen und zu Kritik und Erweiterung einladen\u201c,<\/em> so das KuratorInnenteam, das die Ausstellung in einem kollektiven Prozess mit 60 beteiligten ArchitektInnen erarbeitet hat.<\/p>\n\n\n\n<div style=\"height:53px\" aria-hidden=\"true\" class=\"wp-block-spacer\"><\/div>\n\n\n\n<h2 class=\"wp-block-heading\">Ausstellung<\/h2>\n\n\n\n<p class=\"has-normal-font-size\">Die Ausstellung im Architekturzentrum Wien gliedert sich in sieben Themenfelder. Sie zeigen und versammeln die Anliegen, die in den gemeinsamen Workshops, Interviews und Diskussionen h\u00e4ufig genannt wurden oder besonders relevant sind:<\/p>\n\n\n\n<p class=\"has-normal-font-size\"><strong>\u00dcbers Anfangen und (nicht) Scheitern: <\/strong>Was motiviert junge ArchitektInnen eine eigene Praxis zu gr\u00fcnden? Und wo liegen die Probleme? \u2013 Mit \u00dcberzeugung erschlie\u00dfen sich angehende ArchitektInnen vielf\u00e4ltige T\u00e4tigkeitsfelder, abseits vom klassisch vermittelten Bild des neu-bauenden, m\u00e4nnlichen Architekten. Kreative Projektakquise und kooperative Arbeitsstrukturen sind hier gefragt.<\/p>\n\n\n\n<p class=\"has-normal-font-size\"><strong>Architecture-Life-Balance: <\/strong>Wie k\u00f6nnen wir gerechte(re) Arbeitsstrukturen gestalten? \u2013 In Dialogen teilt Architekt*in JUL unverbl\u00fcmt Erfahrungen aus der Praxis. Die Gespr\u00e4che verdeutlichen, dass ein gesunder Arbeitsalltag mit Qualit\u00e4tsanspruch in der Architekturproduktion oft nicht vorhanden ist, sich dies aber vereinbaren lie\u00dfe.<\/p>\n\n\n\n<p class=\"has-normal-font-size\"><strong>Exklusivit\u00e4t \/\/ Diversit\u00e4t:<\/strong> Wer gestaltet eigentlich Raum und f\u00fcr wen wird er gestaltet (oder eben nicht)? \u2013 Sowohl die Zug\u00e4nglichkeit zum Beruf als auch der Zugang zu leistbarem und qualit\u00e4tsvollem, (Wohn-)Raum muss gerechter gestaltet werden. Der aktuelle, l\u00fcckenhafte Forschungsstand zu Chancengleichheit und Teilhabe zeigt, dass der Architekturbetrieb noch viel notwendige Arbeit vor sich hat.<\/p>\n\n\n\n<p class=\"has-normal-font-size\"><strong>Mitrei\u00dfen statt Abrei\u00dfen:<\/strong> D\u00fcrfen wir noch (neu) bauen in Zeiten der Klimakrise? \u2013 Weg vom Neubauen und hin zum Instandsetzen, Reorganisieren, Reparieren, Umbauen und Erhalten, doch daf\u00fcr braucht es ver\u00e4nderte Rahmenbedingungen. In Forderungen wird die Dringlichkeit einer sozial und klimagerechten Umstrukturierung der Architekturproduktion aufgezeigt. <\/p>\n\n\n\n<p class=\"has-normal-font-size\"><strong>Bildet Banden und streut Seedbombs! <\/strong>Wie verb\u00fcnden wir uns, um unseren Handlungsraum zu vergr\u00f6\u00dfern? \u2013 F\u00fcr strukturelle Ver\u00e4nderungen m\u00fcssen sich viele Kolleginnen zusammenfinden und st\u00e4rkere Netzwerke bilden. Ein organisierter Zusammenschluss k\u00f6nnte allen Mitstreiterinnen dabei helfen, mehr politische Wirksamkeit zu gewinnen.<\/p>\n\n\n\n<p class=\"has-normal-font-size\"><strong>Phase 0 und Phase 10 \u2013 Kreislaufplanung als Schl\u00fcssel zur Bauwende: <\/strong>Wie muss der Planungsprozess aussehen, um soziale und \u00f6kologische Anliegen verfolgen zu k\u00f6nnen? \u2013 Kooperative Bedarfserhebungen und kritische Nutzungsanalysen sind n\u00f6tig, um zuk\u00fcnftig auch Planungsprozesse in einen ganzheitlich gedachten Kreislauf zu bringen und die gebaute Umwelt bedarfsorientierter und umsichtiger gestalten zu k\u00f6nnen.<\/p>\n\n\n\n<p class=\"has-normal-font-size\"><strong>Taktischer Optimismus: <\/strong>Mit welchen Praktiken k\u00f6nnen wir unsere sozial- und klimagerechte Haltung bewahren und Architektur produzieren, die dieser entspricht? \u2013 In exemplarischen Projekten wird sichtbar, wie junge ArchitektInnen durch diverse Strategien ihren optimistischen Antrieb beibehalten. Ein Blick hinter die Fassaden und in Arbeitsprozesse zeigt, wie spielerisch sie an einer lebenswerten Zukunft arbeiten.<\/p>\n\n\n\n<div style=\"height:50px\" aria-hidden=\"true\" class=\"wp-block-spacer\"><\/div>\n\n\n\n<figure class=\"wp-block-gallery has-nested-images columns-default is-cropped wp-block-gallery-2 is-layout-flex wp-block-gallery-is-layout-flex\">\n<figure data-wp-context=\"{&quot;imageId&quot;:&quot;69f3a2a54e305&quot;}\" data-wp-interactive=\"core\/image\" data-wp-key=\"69f3a2a54e305\" class=\"wp-block-image size-full wp-lightbox-container\"><img loading=\"lazy\" decoding=\"async\" width=\"1707\" height=\"2560\" data-wp-class--hide=\"state.isContentHidden\" data-wp-class--show=\"state.isContentVisible\" data-wp-init=\"callbacks.setButtonStyles\" data-wp-on--click=\"actions.showLightbox\" data-wp-on--load=\"callbacks.setButtonStyles\" data-wp-on-window--resize=\"callbacks.setButtonStyles\" data-id=\"713\" src=\"http:\/\/www.supertomorrow.at\/wp-content\/uploads\/2023\/03\/AZW_Zwischen-KostenA\u00adschaI\u0088tzung_0083-scaled.jpg\" alt=\"AZW_Zwischen\" class=\"wp-image-713\" srcset=\"http:\/\/www.supertomorrow.at\/wp-content\/uploads\/2023\/03\/AZW_Zwischen-KostenA\u00adschaI\u0088tzung_0083-scaled.jpg 1707w, http:\/\/www.supertomorrow.at\/wp-content\/uploads\/2023\/03\/AZW_Zwischen-KostenA\u00adschaI\u0088tzung_0083-200x300.jpg 200w, http:\/\/www.supertomorrow.at\/wp-content\/uploads\/2023\/03\/AZW_Zwischen-KostenA\u00adschaI\u0088tzung_0083-683x1024.jpg 683w, http:\/\/www.supertomorrow.at\/wp-content\/uploads\/2023\/03\/AZW_Zwischen-KostenA\u00adschaI\u0088tzung_0083-768x1152.jpg 768w, http:\/\/www.supertomorrow.at\/wp-content\/uploads\/2023\/03\/AZW_Zwischen-KostenA\u00adschaI\u0088tzung_0083-1024x1536.jpg 1024w, http:\/\/www.supertomorrow.at\/wp-content\/uploads\/2023\/03\/AZW_Zwischen-KostenA\u00adschaI\u0088tzung_0083-1366x2048.jpg 1366w\" sizes=\"auto, (max-width: 1707px) 100vw, 1707px\" \/><button\n\t\t\tclass=\"lightbox-trigger\"\n\t\t\ttype=\"button\"\n\t\t\taria-haspopup=\"dialog\"\n\t\t\taria-label=\"Vergr\u00f6\u00dfern\"\n\t\t\tdata-wp-init=\"callbacks.initTriggerButton\"\n\t\t\tdata-wp-on--click=\"actions.showLightbox\"\n\t\t\tdata-wp-style--right=\"state.imageButtonRight\"\n\t\t\tdata-wp-style--top=\"state.imageButtonTop\"\n\t\t>\n\t\t\t<svg xmlns=\"http:\/\/www.w3.org\/2000\/svg\" width=\"12\" height=\"12\" fill=\"none\" viewBox=\"0 0 12 12\">\n\t\t\t\t<path fill=\"#fff\" d=\"M2 0a2 2 0 0 0-2 2v2h1.5V2a.5.5 0 0 1 .5-.5h2V0H2Zm2 10.5H2a.5.5 0 0 1-.5-.5V8H0v2a2 2 0 0 0 2 2h2v-1.5ZM8 12v-1.5h2a.5.5 0 0 0 .5-.5V8H12v2a2 2 0 0 1-2 2H8Zm2-12a2 2 0 0 1 2 2v2h-1.5V2a.5.5 0 0 0-.5-.5H8V0h2Z\" \/>\n\t\t\t<\/svg>\n\t\t<\/button><\/figure>\n\n\n\n<figure data-wp-context=\"{&quot;imageId&quot;:&quot;69f3a2a54e55a&quot;}\" data-wp-interactive=\"core\/image\" data-wp-key=\"69f3a2a54e55a\" class=\"wp-block-image size-full wp-lightbox-container\"><img loading=\"lazy\" decoding=\"async\" width=\"1707\" height=\"2560\" data-wp-class--hide=\"state.isContentHidden\" data-wp-class--show=\"state.isContentVisible\" data-wp-init=\"callbacks.setButtonStyles\" data-wp-on--click=\"actions.showLightbox\" data-wp-on--load=\"callbacks.setButtonStyles\" data-wp-on-window--resize=\"callbacks.setButtonStyles\" data-id=\"718\" src=\"http:\/\/www.supertomorrow.at\/wp-content\/uploads\/2023\/03\/ZKMB_Kucher_7768-scaled.jpg\" alt=\"ZKMB_Kucher_7768\" class=\"wp-image-718\" srcset=\"http:\/\/www.supertomorrow.at\/wp-content\/uploads\/2023\/03\/ZKMB_Kucher_7768-scaled.jpg 1707w, http:\/\/www.supertomorrow.at\/wp-content\/uploads\/2023\/03\/ZKMB_Kucher_7768-200x300.jpg 200w, http:\/\/www.supertomorrow.at\/wp-content\/uploads\/2023\/03\/ZKMB_Kucher_7768-683x1024.jpg 683w, http:\/\/www.supertomorrow.at\/wp-content\/uploads\/2023\/03\/ZKMB_Kucher_7768-768x1152.jpg 768w, http:\/\/www.supertomorrow.at\/wp-content\/uploads\/2023\/03\/ZKMB_Kucher_7768-1024x1536.jpg 1024w, http:\/\/www.supertomorrow.at\/wp-content\/uploads\/2023\/03\/ZKMB_Kucher_7768-1365x2048.jpg 1365w\" sizes=\"auto, (max-width: 1707px) 100vw, 1707px\" \/><button\n\t\t\tclass=\"lightbox-trigger\"\n\t\t\ttype=\"button\"\n\t\t\taria-haspopup=\"dialog\"\n\t\t\taria-label=\"Vergr\u00f6\u00dfern\"\n\t\t\tdata-wp-init=\"callbacks.initTriggerButton\"\n\t\t\tdata-wp-on--click=\"actions.showLightbox\"\n\t\t\tdata-wp-style--right=\"state.imageButtonRight\"\n\t\t\tdata-wp-style--top=\"state.imageButtonTop\"\n\t\t>\n\t\t\t<svg xmlns=\"http:\/\/www.w3.org\/2000\/svg\" width=\"12\" height=\"12\" fill=\"none\" viewBox=\"0 0 12 12\">\n\t\t\t\t<path fill=\"#fff\" d=\"M2 0a2 2 0 0 0-2 2v2h1.5V2a.5.5 0 0 1 .5-.5h2V0H2Zm2 10.5H2a.5.5 0 0 1-.5-.5V8H0v2a2 2 0 0 0 2 2h2v-1.5ZM8 12v-1.5h2a.5.5 0 0 0 .5-.5V8H12v2a2 2 0 0 1-2 2H8Zm2-12a2 2 0 0 1 2 2v2h-1.5V2a.5.5 0 0 0-.5-.5H8V0h2Z\" \/>\n\t\t\t<\/svg>\n\t\t<\/button><\/figure>\n<\/figure>\n\n\n\n<div id=\"wp-block-themeisle-blocks-slider-23da9265\" class=\"wp-block-themeisle-blocks-slider glide\" data-per-view=\"1\" data-gap=\"0\" data-peek=\"0\" data-autoplay=\"true\" data-height=\"400px\" data-hide-arrows=\"false\"><div class=\"glide__track\" data-glide-el=\"track\"><div class=\"glide__slides\"><div class=\"wp-block-themeisle-blocks-slider-item-wrapper glide__slide\" tabindex=\"0\"><figure><img decoding=\"async\" class=\"wp-block-themeisle-blocks-slider-item\" src=\"http:\/\/www.supertomorrow.at\/wp-content\/uploads\/2023\/03\/6_AZW_Austellung-Workshop_ZKMB_Foto_P1130349_zkmb-scaled.jpg\" alt=\"6_AZW_Austellung-Workshop_ZKMB_Foto_P1130349_zkmb\" title=\"6_AZW_Austellung-Workshop_ZKMB_Foto_P1130349_zkmb\" data-id=\"712\"\/><\/figure><\/div><div class=\"wp-block-themeisle-blocks-slider-item-wrapper glide__slide\" tabindex=\"0\"><figure><img decoding=\"async\" class=\"wp-block-themeisle-blocks-slider-item\" src=\"http:\/\/www.supertomorrow.at\/wp-content\/uploads\/2023\/03\/2_AZW_Austellung_ZKMB_Foto_0213_Lisa-Rastl-scaled.jpg\" alt=\"2_AZW_Austellung_ZKMB_Foto_0213_Lisa-Rastl\" title=\"2_AZW_Austellung_ZKMB_Foto_0213_Lisa-Rastl\" data-id=\"710\"\/><\/figure><\/div><div class=\"wp-block-themeisle-blocks-slider-item-wrapper glide__slide\" tabindex=\"0\"><figure><img decoding=\"async\" class=\"wp-block-themeisle-blocks-slider-item\" src=\"http:\/\/www.supertomorrow.at\/wp-content\/uploads\/2023\/03\/ZKMB_Kucher_7774-scaled.jpg\" alt=\"ZKMB_Kucher_7774\" title=\"ZKMB_Kucher_7774\" data-id=\"719\"\/><\/figure><\/div><div class=\"wp-block-themeisle-blocks-slider-item-wrapper glide__slide\" tabindex=\"0\"><figure><img decoding=\"async\" class=\"wp-block-themeisle-blocks-slider-item\" src=\"http:\/\/www.supertomorrow.at\/wp-content\/uploads\/2023\/03\/ZKMB_Kucher_7844-scaled.jpg\" alt=\"ZKMB_Kucher_7844\" title=\"ZKMB_Kucher_7844\" data-id=\"721\"\/><\/figure><\/div><\/div><div class=\"glide__bullets\" data-glide-el=\"controls[nav]\"><button class=\"glide__bullet\" data-glide-dir=\"=0\"><\/button><button class=\"glide__bullet\" data-glide-dir=\"=1\"><\/button><button class=\"glide__bullet\" data-glide-dir=\"=2\"><\/button><button class=\"glide__bullet\" data-glide-dir=\"=3\"><\/button><\/div><\/div><\/div>\n\n\n\n<h2 class=\"wp-block-heading has-medium-font-size\">Gestaltung der Ausstellung<\/h2>\n\n\n\n<p class=\"has-normal-font-size\">Das Holz aus der vorhergehenden Ausstellung \u201eYasmeen Lari: Architektur f\u00fcr die Zukunft\u201c wurde sichtbar wiederverwendet und mit nur zwei neuen Schnitten zu einer raumgreifenden Struktur umgewandelt. Frei gespielt von den W\u00e4nden, k\u00f6nnen sich Besucher*innen durch das dreidimensionale Mapping bewegen. Das Lari-Mobiliar l\u00e4dt erneut zum Verweilen und Diskutieren ein. Querverweise am Boden stellen Verbindungen her, auch in die Schausammlung, und zeigen, dass einige der in der Ausstellung formulierten Forderungen schon l\u00e4nger bestehen.<\/p>\n\n\n\n<div style=\"height:61px\" aria-hidden=\"true\" class=\"wp-block-spacer\"><\/div>\n\n\n\n<figure data-wp-context=\"{&quot;imageId&quot;:&quot;69f3a2a54eacc&quot;}\" data-wp-interactive=\"core\/image\" data-wp-key=\"69f3a2a54eacc\" class=\"wp-block-image size-large wp-lightbox-container\"><img loading=\"lazy\" decoding=\"async\" width=\"1024\" height=\"724\" data-wp-class--hide=\"state.isContentHidden\" data-wp-class--show=\"state.isContentVisible\" data-wp-init=\"callbacks.setButtonStyles\" data-wp-on--click=\"actions.showLightbox\" data-wp-on--load=\"callbacks.setButtonStyles\" data-wp-on-window--resize=\"callbacks.setButtonStyles\" src=\"https:\/\/www.supertomorrow.at\/wp-content\/uploads\/2023\/03\/zkmb_pressebild05-czkmb_orig-1024x724.jpg\" alt=\"\" class=\"wp-image-1745\" srcset=\"http:\/\/www.supertomorrow.at\/wp-content\/uploads\/2023\/03\/zkmb_pressebild05-czkmb_orig-1024x724.jpg 1024w, http:\/\/www.supertomorrow.at\/wp-content\/uploads\/2023\/03\/zkmb_pressebild05-czkmb_orig-300x212.jpg 300w, http:\/\/www.supertomorrow.at\/wp-content\/uploads\/2023\/03\/zkmb_pressebild05-czkmb_orig-768x543.jpg 768w, http:\/\/www.supertomorrow.at\/wp-content\/uploads\/2023\/03\/zkmb_pressebild05-czkmb_orig-1536x1086.jpg 1536w, http:\/\/www.supertomorrow.at\/wp-content\/uploads\/2023\/03\/zkmb_pressebild05-czkmb_orig-2048x1448.jpg 2048w\" sizes=\"auto, (max-width: 1024px) 100vw, 1024px\" \/><button\n\t\t\tclass=\"lightbox-trigger\"\n\t\t\ttype=\"button\"\n\t\t\taria-haspopup=\"dialog\"\n\t\t\taria-label=\"Vergr\u00f6\u00dfern\"\n\t\t\tdata-wp-init=\"callbacks.initTriggerButton\"\n\t\t\tdata-wp-on--click=\"actions.showLightbox\"\n\t\t\tdata-wp-style--right=\"state.imageButtonRight\"\n\t\t\tdata-wp-style--top=\"state.imageButtonTop\"\n\t\t>\n\t\t\t<svg xmlns=\"http:\/\/www.w3.org\/2000\/svg\" width=\"12\" height=\"12\" fill=\"none\" viewBox=\"0 0 12 12\">\n\t\t\t\t<path fill=\"#fff\" d=\"M2 0a2 2 0 0 0-2 2v2h1.5V2a.5.5 0 0 1 .5-.5h2V0H2Zm2 10.5H2a.5.5 0 0 1-.5-.5V8H0v2a2 2 0 0 0 2 2h2v-1.5ZM8 12v-1.5h2a.5.5 0 0 0 .5-.5V8H12v2a2 2 0 0 1-2 2H8Zm2-12a2 2 0 0 1 2 2v2h-1.5V2a.5.5 0 0 0-.5-.5H8V0h2Z\" \/>\n\t\t\t<\/svg>\n\t\t<\/button><\/figure>\n\n\n\n<h2 class=\"wp-block-heading has-medium-font-size\">Kollektiver Prozess<\/h2>\n\n\n\n<p class=\"has-normal-font-size\">Insgesamt 60 junge ArchitektInnen, die ihre Praxen in \u00d6sterreich und Umgebung aufbauen, wurden in die Vorarbeit der Ausstellung einbezogen. 34 von ihnen kamen im Fr\u00fchjahr 2023 f\u00fcr Workshops in Linz, Dornbirn und Graz zusammen, einige aus dieser Gruppe und 26 weitere wurden au\u00dferdem 2022 von den beiden Initiatorinnen Ella Felber und Silvester Kreil in der nextroom-Interviewserie \u201eJunge ArchitektInnen verorten sich\u201c zu ihren Anliegen befragt. Inzwischen bilden 13 dieser 60 jungen ArchitektInnen bilden das zkmb Kernteam: Solveig Furu Almo, Ella Felber, Anna Firak, Silvester Kreil, Lukas Pankraz M\u00e4hr, Natascha Peinsipp, Felix Steinhoff, Jakub Dvorak, Clara Hamann, Judith Kinzl, Jamie Wagner, Felix Zankel und Theresa Reisenhofer.<\/p>\n\n\n\n<div style=\"height:36px\" aria-hidden=\"true\" class=\"wp-block-spacer\"><\/div>\n\n\n\n<hr class=\"wp-block-separator has-alpha-channel-opacity\"\/>\n\n\n\n<p class=\"has-text-align-center has-small-font-size\">Ausstellung Kurator*innen und Gestaltung: <br><strong><a href=\"http:\/\/www.zkmb.at\" data-type=\"link\" data-id=\"www.zkmb.at\" target=\"_blank\" rel=\"noopener\">zkmb<\/a> Kernteam 2023 <\/strong><br>Solveig Furu Almo, Ella Felber, Anna Firak, Silvester Kreil, Lukas Pankraz M\u00e4hr, <br>Natascha Peinsipp, Theresa Reisenhofer und Felix Steinhoff<\/p>\n\n\n\n<p class=\"has-text-align-center has-small-font-size\">Ausstellungsgrafik: Stella Kucher<\/p>\n\n\n\n<p class=\"has-text-align-center has-small-font-size\">Projektkoordination: zkmb Kernteam <br>und Katharina Ritter<\/p>\n\n\n\n<p class=\"has-text-align-center has-small-font-size\">Fotos: Stella Kucher und Lisa Rastl<\/p>\n\n\n\n<hr class=\"wp-block-separator has-alpha-channel-opacity\"\/>\n\n\n\n<div style=\"height:50px\" aria-hidden=\"true\" class=\"wp-block-spacer\"><\/div>\n","protected":false},"excerpt":{"rendered":"<p>Titel: Zwischen Kostensch\u00e4tzung, Muttermilch und Bauwende &#8211; Positionen einer GenerationNutzung: AusstellungOrt: Wien und als WanderausstellungAuftraggeber: Architekturzentrum WienStatus: Organisation Workshopreihe und AusstellungJahr: 2022 \u2013 2023 \u201eZwischen Kostensch\u00e4tzung, Muttermilch und Bauwende\u201c, kurz: zkmb, ist eine Momentaufnahme einer Generation von jungen Architekt*innen, die trotz multipler Krisen mit taktischem Optimismus agiert. Inmitten dr\u00e4ngender Herausforderungen \u2013 Klimakrise, steigende Bau- und [&hellip;]<\/p>\n","protected":false},"author":1,"featured_media":709,"comment_status":"closed","ping_status":"open","sticky":false,"template":"","format":"standard","meta":{"_themeisle_gutenberg_block_has_review":false,"footnotes":""},"categories":[16,41,25,20],"tags":[10,42,30,39],"class_list":["post-490","post","type-post","status-publish","format-standard","has-post-thumbnail","hentry","category-architektur","category-ausstellung","category-bildung","category-umsetzung","tag-architektur","tag-ausstellung","tag-bildung","tag-umsetzung"],"_links":{"self":[{"href":"http:\/\/www.supertomorrow.at\/index.php\/wp-json\/wp\/v2\/posts\/490","targetHints":{"allow":["GET"]}}],"collection":[{"href":"http:\/\/www.supertomorrow.at\/index.php\/wp-json\/wp\/v2\/posts"}],"about":[{"href":"http:\/\/www.supertomorrow.at\/index.php\/wp-json\/wp\/v2\/types\/post"}],"author":[{"embeddable":true,"href":"http:\/\/www.supertomorrow.at\/index.php\/wp-json\/wp\/v2\/users\/1"}],"replies":[{"embeddable":true,"href":"http:\/\/www.supertomorrow.at\/index.php\/wp-json\/wp\/v2\/comments?post=490"}],"version-history":[{"count":18,"href":"http:\/\/www.supertomorrow.at\/index.php\/wp-json\/wp\/v2\/posts\/490\/revisions"}],"predecessor-version":[{"id":1746,"href":"http:\/\/www.supertomorrow.at\/index.php\/wp-json\/wp\/v2\/posts\/490\/revisions\/1746"}],"wp:featuredmedia":[{"embeddable":true,"href":"http:\/\/www.supertomorrow.at\/index.php\/wp-json\/wp\/v2\/media\/709"}],"wp:attachment":[{"href":"http:\/\/www.supertomorrow.at\/index.php\/wp-json\/wp\/v2\/media?parent=490"}],"wp:term":[{"taxonomy":"category","embeddable":true,"href":"http:\/\/www.supertomorrow.at\/index.php\/wp-json\/wp\/v2\/categories?post=490"},{"taxonomy":"post_tag","embeddable":true,"href":"http:\/\/www.supertomorrow.at\/index.php\/wp-json\/wp\/v2\/tags?post=490"}],"curies":[{"name":"wp","href":"https:\/\/api.w.org\/{rel}","templated":true}]}}